{"id":10028,"date":"2022-07-26T08:57:53","date_gmt":"2022-07-26T08:57:53","guid":{"rendered":"https:\/\/logosnurseryschool.es\/nursery\/?p=10028"},"modified":"2022-07-26T08:57:53","modified_gmt":"2022-07-26T08:57:53","slug":"como-proteger-a-los-ninos-del-calor-del-verano","status":"publish","type":"post","link":"https:\/\/logosnurseryschool.es\/nursery\/como-proteger-a-los-ninos-del-calor-del-verano\/","title":{"rendered":"C\u00f3mo proteger a los ni\u00f1os del calor del verano"},"content":{"rendered":"<p>A los peques les encanta el buen tiempo y el clima caluroso. Gracias a eso, asociado a las\u00a0vacaciones, saben que llega una \u00e9poca maravillosa en la que pueden jugar las 24 horas del d\u00eda\u00a0en la calle. Ahora bien, los adultos nos preocupamos por otros elementos, por ejemplo, si no\u00a0sabemos bien <strong>c\u00f3mo proteger a los ni\u00f1os del calor del verano<\/strong>.<\/p>\n<p>En esta \u00e9poca, y m\u00e1xime en nuestro pa\u00eds, que sufre altas temperaturas en la temporada\u00a0estival, es importante proteger a nuestros peque\u00f1os, pues ellos no tienen la conciencia de lo\u00a0peligrosos que pueden llegar a ser los rayos del sol a ciertas horas del d\u00eda sin que una\u00a0adecuada protecci\u00f3n cubra las necesidades infantiles.<\/p>\n<p>Y es que esta \u00e9poca es peligrosa para beb\u00e9s, y tambi\u00e9n para ni\u00f1os peque\u00f1os y ancianos. De ah\u00ed\u00a0la necesidad de la protecci\u00f3n, para evitar que las altas temperaturas les afecten de forma\u00a0negativa, pudiendo disfrutar de un verano sano, saludable y divertido alejado de los riesgos.<\/p>\n<h2>Descubre c\u00f3mo proteger a los ni\u00f1os del calor del\u00a0verano<\/h2>\n<p>Vamos paso a paso a ver qu\u00e9 hacer para que los ni\u00f1os no sufran los rigores del sol excesivo\u00a0que tan peligroso puede ser en la temporada estival, en especial, durante la can\u00edcula,\u00a0momento cuando m\u00e1s aprieta el astro rey.<\/p>\n<h3>Limita el tiempo al aire libre<\/h3>\n<p>No ser\u00e1 f\u00e1cil, pero en la medida en que podamos, <strong>limitaremos la exposici\u00f3n al sol entre las 12\u00a0de la ma\u00f1ana y las 5 de la tarde<\/strong>, que es cuando es m\u00e1s fuerte y perjudicial para la piel de los\u00a0infantes, en especial, para la de los beb\u00e9s o los ni\u00f1os m\u00e1s blanquitos.<\/p>\n<p>Durante estos ratos podemos imaginar e idear otras actividades que le permitan estar a la\u00a0sombra o, en la medida de lo posible, el menor tiempo expuesto al sol.<\/p>\n<h3>Protege a los ni\u00f1os del calor, sobre todo durante la lactancia<\/h3>\n<p>El calor es especialmente da\u00f1ino para los m\u00e1s peque\u00f1os. De hecho, durante los primeros d\u00edas\u00a0de vida, no conviene que le d\u00e9 demasiada luz solar, especialmente en verano. Si tenemos\u00a0temperaturas superiores a 25\u00baC y con elevada humedad, evitaremos el contacto externo en la\u00a0medida de lo posible. Si pasa de los 35\u00baC, directamente no dejaremos que el peque salga y se\u00a0exponga.<\/p>\n<h3>Elige la ropa adecuada para los ni\u00f1os<\/h3>\n<p>La ropa es un elemento clave para la protecci\u00f3n infantil durante la infancia. Por ejemplo, en\u00a0d\u00edas de calor y sol, <strong>la gorra<\/strong> es un accesorio que no faltar\u00e1 en el vestuario de los ni\u00f1os. Que no\u00a0les d\u00e9 la luz de forma directa en su cabecita es muy importante.<\/p>\n<p>Tambi\u00e9n conviene apostar por <strong>pantalones cortos y camisetas transpirables<\/strong> de manga corta,\u00a0de forma que vayan lo m\u00e1s frescos posibles durante estos d\u00edas tan c\u00e1lidos.<\/p>\n<h3>Usa protecci\u00f3n solar siempre<\/h3>\n<p>Es necesaria la protecci\u00f3n solar siempre que el peque\u00f1o vaya a salir a la calle, especialmente\u00a0en las horas de mayor calor e incidencia de los rayos solares. De hecho, utiliza una que tenga\u00a0un factor elevado, de al menos<strong> factor 50<\/strong>. Adem\u00e1s, si pasa mucho tiempo fuera o est\u00e1 en el\u00a0agua, reponla cada hora m\u00e1s o menos.<\/p>\n<h3>Otros detalles a considerar<\/h3>\n<p>Finalmente, aportamos aqu\u00ed algunos detalles significativos que tambi\u00e9n ser\u00e1n \u00fatiles en este\u00a0asunto:<\/p>\n<ul>\n<li>No dejes que los ni\u00f1os se queden dentro del coche.<\/li>\n<li>Hidrata a los peque\u00f1os con agua fresca de forma constante.<\/li>\n<li>Si el ni\u00f1o tiene calor, deja que se quite parte de la ropa que lleve, pero nunca si va a\u00a0estar bajo la incidencia directa del sol sin llevar crema protectora adecuada. Hazlo solo\u00a0si est\u00e1 a la sombra.<\/li>\n<\/ul>\n<p>Para saber mejor c\u00f3mo proteger a los ni\u00f1os del calor del verano, puedes consultar cuando lo\u00a0necesites con nuestros expertos de <a href=\"\/\"><strong>Logos Nursery School<\/strong><\/a>. Podemos y queremos ayudarte.<\/p>\n","protected":false},"excerpt":{"rendered":"<p>A los peques les encanta el buen tiempo y el clima caluroso. Gracias a eso, asociado a las\u00a0vacaciones, saben que llega una \u00e9poca maravillosa en la que pueden jugar las 24 horas del d\u00eda\u00a0en la calle. Ahora bien, los adultos nos preocupamos por otros elementos, por ejemplo, si no\u00a0sabemos bien c\u00f3mo proteger a los ni\u00f1os [&hellip;]<\/p>\n","protected":false},"author":16,"featured_media":10029,"comment_status":"closed","ping_status":"closed","sticky":false,"template":"","format":"standard","meta":{"_et_pb_use_builder":"","_et_pb_old_content":"","footnotes":""},"categories":[8],"tags":[],"class_list":["post-10028","post","type-post","status-publish","format-standard","has-post-thumbnail","hentry","category-general"],"_links":{"self":[{"href":"https:\/\/logosnurseryschool.es\/nursery\/wp-json\/wp\/v2\/posts\/10028","targetHints":{"allow":["GET"]}}],"collection":[{"href":"https:\/\/logosnurseryschool.es\/nursery\/wp-json\/wp\/v2\/posts"}],"about":[{"href":"https:\/\/logosnurseryschool.es\/nursery\/wp-json\/wp\/v2\/types\/post"}],"author":[{"embeddable":true,"href":"https:\/\/logosnurseryschool.es\/nursery\/wp-json\/wp\/v2\/users\/16"}],"replies":[{"embeddable":true,"href":"https:\/\/logosnurseryschool.es\/nursery\/wp-json\/wp\/v2\/comments?post=10028"}],"version-history":[{"count":1,"href":"https:\/\/logosnurseryschool.es\/nursery\/wp-json\/wp\/v2\/posts\/10028\/revisions"}],"predecessor-version":[{"id":10031,"href":"https:\/\/logosnurseryschool.es\/nursery\/wp-json\/wp\/v2\/posts\/10028\/revisions\/10031"}],"wp:featuredmedia":[{"embeddable":true,"href":"https:\/\/logosnurseryschool.es\/nursery\/wp-json\/wp\/v2\/media\/10029"}],"wp:attachment":[{"href":"https:\/\/logosnurseryschool.es\/nursery\/wp-json\/wp\/v2\/media?parent=10028"}],"wp:term":[{"taxonomy":"category","embeddable":true,"href":"https:\/\/logosnurseryschool.es\/nursery\/wp-json\/wp\/v2\/categories?post=10028"},{"taxonomy":"post_tag","embeddable":true,"href":"https:\/\/logosnurseryschool.es\/nursery\/wp-json\/wp\/v2\/tags?post=10028"}],"curies":[{"name":"wp","href":"https:\/\/api.w.org\/{rel}","templated":true}]}}